{"id":31801,"date":"2023-04-25T11:20:44","date_gmt":"2023-04-25T09:20:44","guid":{"rendered":"https:\/\/studer-innotec.com\/fuehrungswechsel-die-neuen-mitglieder-des-studer-managementteams\/"},"modified":"2025-10-06T16:18:41","modified_gmt":"2025-10-06T14:18:41","slug":"fuehrungswechsel-die-neuen-mitglieder-des-studer-managementteams","status":"publish","type":"post","link":"https:\/\/studer-innotec.com\/de\/fuehrungswechsel-die-neuen-mitglieder-des-studer-managementteams\/","title":{"rendered":"F\u00fchrungswechsel: Die neuen Mitglieder des Studer-Managementteams"},"content":{"rendered":"\t\t<div data-elementor-type=\"wp-post\" data-elementor-id=\"31801\" class=\"elementor elementor-31801 elementor-25520\">\n\t\t\t\t\t\t<section class=\"elementor-section elementor-top-section elementor-element elementor-element-2e091b97 elementor-section-boxed elementor-section-height-default elementor-section-height-default sc_fly_static\" data-id=\"2e091b97\" data-element_type=\"section\" data-e-type=\"section\">\n\t\t\t\t\t\t<div class=\"elementor-container elementor-column-gap-extended\">\n\t\t\t\t\t<div class=\"elementor-column elementor-col-100 elementor-top-column elementor-element elementor-element-7a7edbf4 sc_content_align_inherit sc_layouts_column_icons_position_left sc_fly_static\" data-id=\"7a7edbf4\" data-element_type=\"column\" data-e-type=\"column\">\n\t\t\t<div class=\"elementor-widget-wrap elementor-element-populated\">\n\t\t\t\t\t\t<div class=\"elementor-element elementor-element-12a895b sc_fly_static elementor-widget elementor-widget-text-editor\" data-id=\"12a895b\" data-element_type=\"widget\" data-e-type=\"widget\" data-widget_type=\"text-editor.default\">\n\t\t\t\t<div class=\"elementor-widget-container\">\n\t\t\t\t\t\t\t\t\t<p><strong>Vor rund 30 Jahren entwickelte Roland Studer zusammen mit Hans-Peter Biner einen der weltweit ersten batteriegest\u00fctzten Sinuswechselrichter. Diese Innovation machte Studer weltweit bekannt, und drei Jahrzehnte sp\u00e4ter sind die beiden Vision\u00e4re immer noch Teil des Unternehmens. Heute danken wir ihnen, indem wir neue Kollegen in unserem F\u00fchrungsteam willkommen hei\u00dfen \u2013 und ein neues Kapitel in unserer Geschichte der erneuerbaren Energien er\u00f6ffnen.  <\/strong><\/p><p>Wir m\u00f6chten diese Gelegenheit nutzen, um Hans-Peter Biner herzlich f\u00fcr seine Begeisterung, sein Engagement und seine Professionalit\u00e4t zu danken, die er im Laufe seiner Karriere gezeigt hat. Nach seiner ersten Zusammenarbeit mit Roland Studer in den 1990er Jahren hat Hans-Peter unser Unternehmen in den letzten drei Jahrzehnten durch zahlreiche externe Projekte und Kooperationen nachhaltig gepr\u00e4gt. W\u00e4hrend dieser Zeit war er auch ein renommierter Professor f\u00fcr Leistungselektronik an der Ingenieurhochschule HES-SO Valais-Wallis. Ein Gro\u00dfteil unserer Ingenieure und Techniker besuchte seine Kurse und entwickelte die wertvollen F\u00e4higkeiten, die sie heute einsetzen.   <\/p><p>Ende 2018 kam Hans-Peter offiziell als Vorstandsmitglied und Innovationsleiter zu Studer. In dieser Funktion hat er seine Kenntnisse in den Bereichen Energieumwandlung, Leistungselektronik und technische Forschung eingesetzt, um unsere Produktpalette zu erweitern und mehrere neue Angebote und Sonderprojekte zu lancieren. <\/p><p>Dieses Jahr entschloss sich Hans-Peter, von seiner Position im Unternehmen abzutreten. Unser langj\u00e4hriger Branchenexperte, der seit 30 Jahren f\u00fcr das Wachstum der erneuerbaren Energien im Wallis von grundlegender Bedeutung ist, wird uns in unserer t\u00e4glichen Arbeit sehr fehlen. Er wird jedoch weiterhin sein Fachwissen einbringen und mit uns an verschiedenen laufenden Projekten zusammenarbeiten.  <\/p><p>Als Nachfolger von Hans-Peter m\u00f6chten wir unseren Kollegen Samuel Bruttin als Chief Technology Officer und Mitglied des Verwaltungsrats im Management-Team von Studer willkommen heissen. Samuel hat einen Master-Abschluss in Elektrotechnik von der ETH Lausanne (EPFL) und verf\u00fcgt \u00fcber mehr als 15 Jahre Erfahrung in der Forschung und Entwicklung von Leistungselektronik und erneuerbaren Energiesystemen. Als einer der dienst\u00e4ltesten Ingenieure von Studer hat Samuel mehrere wichtige Funktionen innerhalb des Unternehmens ausge\u00fcbt, unter anderem als Elektro- und Elektronikingenieur in der Forschung und Entwicklung, als Projektmanager und als Leiter der Forschung und Entwicklung. In letzter Zeit lag einer seiner Schwerpunkte auf der Entwicklung und Markteinf\u00fchrung der Serie \u201enext\u201c, unserer neuesten Generation von intelligenten Hybrid-Wechselrichtern\/Ladeger\u00e4ten. Wir w\u00fcnschen Samuel alles Gute f\u00fcr seine neue Aufgabe und sind sicher, dass er unser Unternehmen auf h\u00f6chstem Niveau weiterentwickeln wird.    <\/p><p><b>Studers neu gestaltete F&amp;E-Abteilung<\/b><\/p><p>Wir haben auch einige Ver\u00e4nderungen in unserer Forschungs- und Entwicklungsabteilung vorgenommen. Wir sind stolz darauf, Yann Cuenin als Leiter unserer Forschungs- und Entwicklungsabteilung vorstellen zu d\u00fcrfen, der unser Hardware-Entwicklungsteam leitet. Ihm zur Seite steht Yannick Gasser, der neue Teamleiter unseres Softwareentwicklungsteams.  <\/p><p>Yann kam 2019 als Elektroingenieur zu Studer, nachdem er f\u00fcr das Elektronikunternehmen ABB und den Hersteller von Aufladesystemen f\u00fcr Elektrofahrzeuge Green Motion gearbeitet hatte. Er bringt eine Vielzahl neuer F\u00e4higkeiten und Perspektiven in diese Position ein, und wir freuen uns darauf, seine Entwicklung in unserem Unternehmen zu verfolgen. <\/p><p>Yannick kam 2017 als Entwicklungsingenieur zu Studer, nachdem er f\u00fcr senseFly gearbeitet hatte, ein Technologieunternehmen, das sich auf Drohnen, Sensoren und Software spezialisiert hat. Yannick hat bei Studer als treibende Kraft hinter nextOS, unserer intuitiven Software-Schnittstelle f\u00fcr Installateure und Endbenutzer, einen gro\u00dfen Einfluss. <\/p>\t\t\t\t\t\t\t\t<\/div>\n\t\t\t\t<\/div>\n\t\t\t\t<div class=\"elementor-element elementor-element-4a25bab sc_fly_static elementor-widget elementor-widget-image\" data-id=\"4a25bab\" data-element_type=\"widget\" data-e-type=\"widget\" data-widget_type=\"image.default\">\n\t\t\t\t<div class=\"elementor-widget-container\">\n\t\t\t\t\t\t\t\t\t\t\t\t<figure class=\"wp-caption\">\n\t\t\t\t\t\t\t\t\t\t<img fetchpriority=\"high\" decoding=\"async\" width=\"1024\" height=\"683\" src=\"https:\/\/studer-innotec.com\/wp-content\/uploads\/2025\/02\/DSC_1113a-2048x1365-1-1024x683.jpg\" class=\"attachment-large size-large wp-image-31800\" alt=\"Der neue Vorstand von Studer\" srcset=\"https:\/\/studer-innotec.com\/wp-content\/uploads\/2025\/02\/DSC_1113a-2048x1365-1-1024x683.jpg 1024w, https:\/\/studer-innotec.com\/wp-content\/uploads\/2025\/02\/DSC_1113a-2048x1365-1-300x200.jpg 300w, https:\/\/studer-innotec.com\/wp-content\/uploads\/2025\/02\/DSC_1113a-2048x1365-1-768x512.jpg 768w, https:\/\/studer-innotec.com\/wp-content\/uploads\/2025\/02\/DSC_1113a-2048x1365-1-1536x1024.jpg 1536w, https:\/\/studer-innotec.com\/wp-content\/uploads\/2025\/02\/DSC_1113a-2048x1365-1-370x247.jpg 370w, https:\/\/studer-innotec.com\/wp-content\/uploads\/2025\/02\/DSC_1113a-2048x1365-1-840x560.jpg 840w, https:\/\/studer-innotec.com\/wp-content\/uploads\/2025\/02\/DSC_1113a-2048x1365-1-410x273.jpg 410w, https:\/\/studer-innotec.com\/wp-content\/uploads\/2025\/02\/DSC_1113a-2048x1365-1.jpg 2048w\" sizes=\"(max-width: 1024px) 100vw, 1024px\" \/>\t\t\t\t\t\t\t\t\t\t\t<figcaption class=\"widget-image-caption wp-caption-text\">Lo\u00efc Viret, Samuel Bruttin, Yann Cuenin, Hans-Peter Biner, Roland Studer, Pierre-Olivier Moix und Yannick Gasser<\/figcaption>\n\t\t\t\t\t\t\t\t\t\t<\/figure>\n\t\t\t\t\t\t\t\t\t<\/div>\n\t\t\t\t<\/div>\n\t\t\t\t<div class=\"elementor-element elementor-element-b795dca sc_fly_static elementor-widget elementor-widget-text-editor\" data-id=\"b795dca\" data-element_type=\"widget\" data-e-type=\"widget\" data-widget_type=\"text-editor.default\">\n\t\t\t\t<div class=\"elementor-widget-container\">\n\t\t\t\t\t\t\t\t\t<p><b>Studers neues Management-Team:<\/b><\/p><p><img decoding=\"async\" class=\"emoji\" role=\"img\" draggable=\"false\" src=\"https:\/\/s.w.org\/images\/core\/emoji\/15.0.3\/svg\/25ab.svg\" alt=\"\u25ab\"> Lo\u00efc Viret, CEO<\/p><p><img decoding=\"async\" class=\"emoji\" role=\"img\" draggable=\"false\" src=\"https:\/\/s.w.org\/images\/core\/emoji\/15.0.3\/svg\/25ab.svg\" alt=\"\u25ab\"> Pierre-Olivier Moix, CTO und Vorstandsmitglied<\/p><p><img decoding=\"async\" class=\"emoji\" role=\"img\" draggable=\"false\" src=\"https:\/\/s.w.org\/images\/core\/emoji\/15.0.3\/svg\/25ab.svg\" alt=\"\u25ab\"> Samuel Bruttin, CTO und Vorstandsmitglied (neu)<\/p><p><img decoding=\"async\" class=\"emoji\" role=\"img\" draggable=\"false\" src=\"https:\/\/s.w.org\/images\/core\/emoji\/15.0.3\/svg\/25ab.svg\" alt=\"\u25ab\"> Yann Cuenin, Leiter der R&amp;D (neu)<\/p><p><img decoding=\"async\" class=\"emoji\" role=\"img\" draggable=\"false\" src=\"https:\/\/s.w.org\/images\/core\/emoji\/15.0.3\/svg\/25ab.svg\" alt=\"\u25ab\"> Yannick Gasser, Leiter des Software-Teams<\/p><p>#team #leader #swissmadepower<\/p>\t\t\t\t\t\t\t\t<\/div>\n\t\t\t\t<\/div>\n\t\t\t\t\t<\/div>\n\t\t<\/div>\n\t\t\t\t\t<\/div>\n\t\t<\/section>\n\t\t\t\t<\/div>\n\t\t","protected":false},"excerpt":{"rendered":"<p>Vor rund 30 Jahren entwickelte Roland Studer zusammen mit Hans-Peter Biner einen der weltweit ersten batteriegest\u00fctzten Sinuswechselrichter. Diese Innovation machte Studer weltweit bekannt, und drei Jahrzehnte sp\u00e4ter sind die beiden&hellip;<\/p>\n","protected":false},"author":3,"featured_media":31800,"comment_status":"closed","ping_status":"closed","sticky":false,"template":"","format":"standard","meta":{"footnotes":""},"categories":[292],"tags":[],"class_list":["post-31801","post","type-post","status-publish","format-standard","has-post-thumbnail","hentry","category-news"],"yoast_head":"<!-- This site is optimized with the Yoast SEO plugin v27.3 - https:\/\/yoast.com\/product\/yoast-seo-wordpress\/ -->\n<title>F\u00fchrungswechsel: Die neuen Mitglieder des Studer-Managementteams - Studer Innotec<\/title>\n<meta name=\"robots\" content=\"index, follow, max-snippet:-1, max-image-preview:large, max-video-preview:-1\" \/>\n<link rel=\"canonical\" href=\"https:\/\/studer-innotec.com\/de\/fuehrungswechsel-die-neuen-mitglieder-des-studer-managementteams\/\" \/>\n<meta property=\"og:locale\" content=\"de_DE\" \/>\n<meta property=\"og:type\" content=\"article\" \/>\n<meta property=\"og:title\" content=\"F\u00fchrungswechsel: Die neuen Mitglieder des Studer-Managementteams - Studer Innotec\" \/>\n<meta property=\"og:description\" content=\"Vor rund 30 Jahren entwickelte Roland Studer zusammen mit Hans-Peter Biner einen der weltweit ersten batteriegest\u00fctzten Sinuswechselrichter. Diese Innovation machte Studer weltweit bekannt, und drei Jahrzehnte sp\u00e4ter sind die beiden&hellip;\" \/>\n<meta property=\"og:url\" content=\"https:\/\/studer-innotec.com\/de\/fuehrungswechsel-die-neuen-mitglieder-des-studer-managementteams\/\" \/>\n<meta property=\"og:site_name\" content=\"Studer Innotec\" \/>\n<meta property=\"article:publisher\" content=\"https:\/\/www.facebook.com\/StuderInnotec\" \/>\n<meta property=\"article:published_time\" content=\"2023-04-25T09:20:44+00:00\" \/>\n<meta property=\"article:modified_time\" content=\"2025-10-06T14:18:41+00:00\" \/>\n<meta property=\"og:image\" content=\"https:\/\/studer-innotec.com\/wp-content\/uploads\/2025\/02\/DSC_1113a-2048x1365-1.jpg\" \/>\n\t<meta property=\"og:image:width\" content=\"2048\" \/>\n\t<meta property=\"og:image:height\" content=\"1365\" \/>\n\t<meta property=\"og:image:type\" content=\"image\/jpeg\" \/>\n<meta name=\"author\" content=\"Sacha\" \/>\n<meta name=\"twitter:card\" content=\"summary_large_image\" \/>\n<meta name=\"twitter:label1\" content=\"Verfasst von\" \/>\n\t<meta name=\"twitter:data1\" content=\"Sacha\" \/>\n\t<meta name=\"twitter:label2\" content=\"Gesch\u00e4tzte Lesezeit\" \/>\n\t<meta name=\"twitter:data2\" content=\"3\u00a0Minuten\" \/>\n<script type=\"application\/ld+json\" class=\"yoast-schema-graph\">{\"@context\":\"https:\\\/\\\/schema.org\",\"@graph\":[{\"@type\":[\"Article\",\"BlogPosting\"],\"@id\":\"https:\\\/\\\/studer-innotec.com\\\/de\\\/fuehrungswechsel-die-neuen-mitglieder-des-studer-managementteams\\\/#article\",\"isPartOf\":{\"@id\":\"https:\\\/\\\/studer-innotec.com\\\/de\\\/fuehrungswechsel-die-neuen-mitglieder-des-studer-managementteams\\\/\"},\"author\":{\"name\":\"Sacha\",\"@id\":\"https:\\\/\\\/studer-innotec.com\\\/de\\\/#\\\/schema\\\/person\\\/70269c00079329c7f06dcc06b9968f44\"},\"headline\":\"F\u00fchrungswechsel: Die neuen Mitglieder des Studer-Managementteams\",\"datePublished\":\"2023-04-25T09:20:44+00:00\",\"dateModified\":\"2025-10-06T14:18:41+00:00\",\"mainEntityOfPage\":{\"@id\":\"https:\\\/\\\/studer-innotec.com\\\/de\\\/fuehrungswechsel-die-neuen-mitglieder-des-studer-managementteams\\\/\"},\"wordCount\":597,\"publisher\":{\"@id\":\"https:\\\/\\\/studer-innotec.com\\\/de\\\/#organization\"},\"image\":{\"@id\":\"https:\\\/\\\/studer-innotec.com\\\/de\\\/fuehrungswechsel-die-neuen-mitglieder-des-studer-managementteams\\\/#primaryimage\"},\"thumbnailUrl\":\"https:\\\/\\\/studer-innotec.com\\\/wp-content\\\/uploads\\\/2025\\\/02\\\/DSC_1113a-2048x1365-1.jpg\",\"articleSection\":[\"News\"],\"inLanguage\":\"de\"},{\"@type\":\"WebPage\",\"@id\":\"https:\\\/\\\/studer-innotec.com\\\/de\\\/fuehrungswechsel-die-neuen-mitglieder-des-studer-managementteams\\\/\",\"url\":\"https:\\\/\\\/studer-innotec.com\\\/de\\\/fuehrungswechsel-die-neuen-mitglieder-des-studer-managementteams\\\/\",\"name\":\"F\u00fchrungswechsel: Die neuen Mitglieder des Studer-Managementteams - Studer Innotec\",\"isPartOf\":{\"@id\":\"https:\\\/\\\/studer-innotec.com\\\/de\\\/#website\"},\"primaryImageOfPage\":{\"@id\":\"https:\\\/\\\/studer-innotec.com\\\/de\\\/fuehrungswechsel-die-neuen-mitglieder-des-studer-managementteams\\\/#primaryimage\"},\"image\":{\"@id\":\"https:\\\/\\\/studer-innotec.com\\\/de\\\/fuehrungswechsel-die-neuen-mitglieder-des-studer-managementteams\\\/#primaryimage\"},\"thumbnailUrl\":\"https:\\\/\\\/studer-innotec.com\\\/wp-content\\\/uploads\\\/2025\\\/02\\\/DSC_1113a-2048x1365-1.jpg\",\"datePublished\":\"2023-04-25T09:20:44+00:00\",\"dateModified\":\"2025-10-06T14:18:41+00:00\",\"breadcrumb\":{\"@id\":\"https:\\\/\\\/studer-innotec.com\\\/de\\\/fuehrungswechsel-die-neuen-mitglieder-des-studer-managementteams\\\/#breadcrumb\"},\"inLanguage\":\"de\",\"potentialAction\":[{\"@type\":\"ReadAction\",\"target\":[\"https:\\\/\\\/studer-innotec.com\\\/de\\\/fuehrungswechsel-die-neuen-mitglieder-des-studer-managementteams\\\/\"]}]},{\"@type\":\"ImageObject\",\"inLanguage\":\"de\",\"@id\":\"https:\\\/\\\/studer-innotec.com\\\/de\\\/fuehrungswechsel-die-neuen-mitglieder-des-studer-managementteams\\\/#primaryimage\",\"url\":\"https:\\\/\\\/studer-innotec.com\\\/wp-content\\\/uploads\\\/2025\\\/02\\\/DSC_1113a-2048x1365-1.jpg\",\"contentUrl\":\"https:\\\/\\\/studer-innotec.com\\\/wp-content\\\/uploads\\\/2025\\\/02\\\/DSC_1113a-2048x1365-1.jpg\",\"width\":2048,\"height\":1365,\"caption\":\"Der neue Vorstand von Studer\"},{\"@type\":\"BreadcrumbList\",\"@id\":\"https:\\\/\\\/studer-innotec.com\\\/de\\\/fuehrungswechsel-die-neuen-mitglieder-des-studer-managementteams\\\/#breadcrumb\",\"itemListElement\":[{\"@type\":\"ListItem\",\"position\":1,\"name\":\"Home\",\"item\":\"https:\\\/\\\/studer-innotec.com\\\/de\\\/\"},{\"@type\":\"ListItem\",\"position\":2,\"name\":\"F\u00fchrungswechsel: Die neuen Mitglieder des Studer-Managementteams\"}]},{\"@type\":\"WebSite\",\"@id\":\"https:\\\/\\\/studer-innotec.com\\\/de\\\/#website\",\"url\":\"https:\\\/\\\/studer-innotec.com\\\/de\\\/\",\"name\":\"Studer Innotec\",\"description\":\"Leader in offgrid power management\",\"publisher\":{\"@id\":\"https:\\\/\\\/studer-innotec.com\\\/de\\\/#organization\"},\"alternateName\":\"Studer Innotec\",\"potentialAction\":[{\"@type\":\"SearchAction\",\"target\":{\"@type\":\"EntryPoint\",\"urlTemplate\":\"https:\\\/\\\/studer-innotec.com\\\/de\\\/?s={search_term_string}\"},\"query-input\":{\"@type\":\"PropertyValueSpecification\",\"valueRequired\":true,\"valueName\":\"search_term_string\"}}],\"inLanguage\":\"de\"},{\"@type\":\"Organization\",\"@id\":\"https:\\\/\\\/studer-innotec.com\\\/de\\\/#organization\",\"name\":\"Studer Innotec\",\"alternateName\":\"Studer Innotec\",\"url\":\"https:\\\/\\\/studer-innotec.com\\\/de\\\/\",\"logo\":{\"@type\":\"ImageObject\",\"inLanguage\":\"de\",\"@id\":\"https:\\\/\\\/studer-innotec.com\\\/de\\\/#\\\/schema\\\/logo\\\/image\\\/\",\"url\":\"https:\\\/\\\/studer-innotec.com\\\/wp-content\\\/uploads\\\/2024\\\/06\\\/logo-studer-noir-1.png\",\"contentUrl\":\"https:\\\/\\\/studer-innotec.com\\\/wp-content\\\/uploads\\\/2024\\\/06\\\/logo-studer-noir-1.png\",\"width\":182,\"height\":98,\"caption\":\"Studer Innotec\"},\"image\":{\"@id\":\"https:\\\/\\\/studer-innotec.com\\\/de\\\/#\\\/schema\\\/logo\\\/image\\\/\"},\"sameAs\":[\"https:\\\/\\\/www.facebook.com\\\/StuderInnotec\",\"https:\\\/\\\/www.linkedin.com\\\/company\\\/studer-innotec\\\/\",\"https:\\\/\\\/www.instagram.com\\\/studerinnotec\\\/\",\"https:\\\/\\\/www.youtube.com\\\/channel\\\/UCVV4mlwSrtnFWSbE6iIFRBg\"]},{\"@type\":\"Person\",\"@id\":\"https:\\\/\\\/studer-innotec.com\\\/de\\\/#\\\/schema\\\/person\\\/70269c00079329c7f06dcc06b9968f44\",\"name\":\"Sacha\"}]}<\/script>\n<!-- \/ Yoast SEO plugin. -->","yoast_head_json":{"title":"F\u00fchrungswechsel: Die neuen Mitglieder des Studer-Managementteams - Studer Innotec","robots":{"index":"index","follow":"follow","max-snippet":"max-snippet:-1","max-image-preview":"max-image-preview:large","max-video-preview":"max-video-preview:-1"},"canonical":"https:\/\/studer-innotec.com\/de\/fuehrungswechsel-die-neuen-mitglieder-des-studer-managementteams\/","og_locale":"de_DE","og_type":"article","og_title":"F\u00fchrungswechsel: Die neuen Mitglieder des Studer-Managementteams - Studer Innotec","og_description":"Vor rund 30 Jahren entwickelte Roland Studer zusammen mit Hans-Peter Biner einen der weltweit ersten batteriegest\u00fctzten Sinuswechselrichter. Diese Innovation machte Studer weltweit bekannt, und drei Jahrzehnte sp\u00e4ter sind die beiden&hellip;","og_url":"https:\/\/studer-innotec.com\/de\/fuehrungswechsel-die-neuen-mitglieder-des-studer-managementteams\/","og_site_name":"Studer Innotec","article_publisher":"https:\/\/www.facebook.com\/StuderInnotec","article_published_time":"2023-04-25T09:20:44+00:00","article_modified_time":"2025-10-06T14:18:41+00:00","og_image":[{"width":2048,"height":1365,"url":"https:\/\/studer-innotec.com\/wp-content\/uploads\/2025\/02\/DSC_1113a-2048x1365-1.jpg","type":"image\/jpeg"}],"author":"Sacha","twitter_card":"summary_large_image","twitter_misc":{"Verfasst von":"Sacha","Gesch\u00e4tzte Lesezeit":"3\u00a0Minuten"},"schema":{"@context":"https:\/\/schema.org","@graph":[{"@type":["Article","BlogPosting"],"@id":"https:\/\/studer-innotec.com\/de\/fuehrungswechsel-die-neuen-mitglieder-des-studer-managementteams\/#article","isPartOf":{"@id":"https:\/\/studer-innotec.com\/de\/fuehrungswechsel-die-neuen-mitglieder-des-studer-managementteams\/"},"author":{"name":"Sacha","@id":"https:\/\/studer-innotec.com\/de\/#\/schema\/person\/70269c00079329c7f06dcc06b9968f44"},"headline":"F\u00fchrungswechsel: Die neuen Mitglieder des Studer-Managementteams","datePublished":"2023-04-25T09:20:44+00:00","dateModified":"2025-10-06T14:18:41+00:00","mainEntityOfPage":{"@id":"https:\/\/studer-innotec.com\/de\/fuehrungswechsel-die-neuen-mitglieder-des-studer-managementteams\/"},"wordCount":597,"publisher":{"@id":"https:\/\/studer-innotec.com\/de\/#organization"},"image":{"@id":"https:\/\/studer-innotec.com\/de\/fuehrungswechsel-die-neuen-mitglieder-des-studer-managementteams\/#primaryimage"},"thumbnailUrl":"https:\/\/studer-innotec.com\/wp-content\/uploads\/2025\/02\/DSC_1113a-2048x1365-1.jpg","articleSection":["News"],"inLanguage":"de"},{"@type":"WebPage","@id":"https:\/\/studer-innotec.com\/de\/fuehrungswechsel-die-neuen-mitglieder-des-studer-managementteams\/","url":"https:\/\/studer-innotec.com\/de\/fuehrungswechsel-die-neuen-mitglieder-des-studer-managementteams\/","name":"F\u00fchrungswechsel: Die neuen Mitglieder des Studer-Managementteams - Studer Innotec","isPartOf":{"@id":"https:\/\/studer-innotec.com\/de\/#website"},"primaryImageOfPage":{"@id":"https:\/\/studer-innotec.com\/de\/fuehrungswechsel-die-neuen-mitglieder-des-studer-managementteams\/#primaryimage"},"image":{"@id":"https:\/\/studer-innotec.com\/de\/fuehrungswechsel-die-neuen-mitglieder-des-studer-managementteams\/#primaryimage"},"thumbnailUrl":"https:\/\/studer-innotec.com\/wp-content\/uploads\/2025\/02\/DSC_1113a-2048x1365-1.jpg","datePublished":"2023-04-25T09:20:44+00:00","dateModified":"2025-10-06T14:18:41+00:00","breadcrumb":{"@id":"https:\/\/studer-innotec.com\/de\/fuehrungswechsel-die-neuen-mitglieder-des-studer-managementteams\/#breadcrumb"},"inLanguage":"de","potentialAction":[{"@type":"ReadAction","target":["https:\/\/studer-innotec.com\/de\/fuehrungswechsel-die-neuen-mitglieder-des-studer-managementteams\/"]}]},{"@type":"ImageObject","inLanguage":"de","@id":"https:\/\/studer-innotec.com\/de\/fuehrungswechsel-die-neuen-mitglieder-des-studer-managementteams\/#primaryimage","url":"https:\/\/studer-innotec.com\/wp-content\/uploads\/2025\/02\/DSC_1113a-2048x1365-1.jpg","contentUrl":"https:\/\/studer-innotec.com\/wp-content\/uploads\/2025\/02\/DSC_1113a-2048x1365-1.jpg","width":2048,"height":1365,"caption":"Der neue Vorstand von Studer"},{"@type":"BreadcrumbList","@id":"https:\/\/studer-innotec.com\/de\/fuehrungswechsel-die-neuen-mitglieder-des-studer-managementteams\/#breadcrumb","itemListElement":[{"@type":"ListItem","position":1,"name":"Home","item":"https:\/\/studer-innotec.com\/de\/"},{"@type":"ListItem","position":2,"name":"F\u00fchrungswechsel: Die neuen Mitglieder des Studer-Managementteams"}]},{"@type":"WebSite","@id":"https:\/\/studer-innotec.com\/de\/#website","url":"https:\/\/studer-innotec.com\/de\/","name":"Studer Innotec","description":"Leader in offgrid power management","publisher":{"@id":"https:\/\/studer-innotec.com\/de\/#organization"},"alternateName":"Studer Innotec","potentialAction":[{"@type":"SearchAction","target":{"@type":"EntryPoint","urlTemplate":"https:\/\/studer-innotec.com\/de\/?s={search_term_string}"},"query-input":{"@type":"PropertyValueSpecification","valueRequired":true,"valueName":"search_term_string"}}],"inLanguage":"de"},{"@type":"Organization","@id":"https:\/\/studer-innotec.com\/de\/#organization","name":"Studer Innotec","alternateName":"Studer Innotec","url":"https:\/\/studer-innotec.com\/de\/","logo":{"@type":"ImageObject","inLanguage":"de","@id":"https:\/\/studer-innotec.com\/de\/#\/schema\/logo\/image\/","url":"https:\/\/studer-innotec.com\/wp-content\/uploads\/2024\/06\/logo-studer-noir-1.png","contentUrl":"https:\/\/studer-innotec.com\/wp-content\/uploads\/2024\/06\/logo-studer-noir-1.png","width":182,"height":98,"caption":"Studer Innotec"},"image":{"@id":"https:\/\/studer-innotec.com\/de\/#\/schema\/logo\/image\/"},"sameAs":["https:\/\/www.facebook.com\/StuderInnotec","https:\/\/www.linkedin.com\/company\/studer-innotec\/","https:\/\/www.instagram.com\/studerinnotec\/","https:\/\/www.youtube.com\/channel\/UCVV4mlwSrtnFWSbE6iIFRBg"]},{"@type":"Person","@id":"https:\/\/studer-innotec.com\/de\/#\/schema\/person\/70269c00079329c7f06dcc06b9968f44","name":"Sacha"}]}},"_links":{"self":[{"href":"https:\/\/studer-innotec.com\/de\/wp-json\/wp\/v2\/posts\/31801","targetHints":{"allow":["GET"]}}],"collection":[{"href":"https:\/\/studer-innotec.com\/de\/wp-json\/wp\/v2\/posts"}],"about":[{"href":"https:\/\/studer-innotec.com\/de\/wp-json\/wp\/v2\/types\/post"}],"author":[{"embeddable":true,"href":"https:\/\/studer-innotec.com\/de\/wp-json\/wp\/v2\/users\/3"}],"replies":[{"embeddable":true,"href":"https:\/\/studer-innotec.com\/de\/wp-json\/wp\/v2\/comments?post=31801"}],"version-history":[{"count":1,"href":"https:\/\/studer-innotec.com\/de\/wp-json\/wp\/v2\/posts\/31801\/revisions"}],"predecessor-version":[{"id":31802,"href":"https:\/\/studer-innotec.com\/de\/wp-json\/wp\/v2\/posts\/31801\/revisions\/31802"}],"wp:featuredmedia":[{"embeddable":true,"href":"https:\/\/studer-innotec.com\/de\/wp-json\/wp\/v2\/media\/31800"}],"wp:attachment":[{"href":"https:\/\/studer-innotec.com\/de\/wp-json\/wp\/v2\/media?parent=31801"}],"wp:term":[{"taxonomy":"category","embeddable":true,"href":"https:\/\/studer-innotec.com\/de\/wp-json\/wp\/v2\/categories?post=31801"},{"taxonomy":"post_tag","embeddable":true,"href":"https:\/\/studer-innotec.com\/de\/wp-json\/wp\/v2\/tags?post=31801"}],"curies":[{"name":"wp","href":"https:\/\/api.w.org\/{rel}","templated":true}]}}